{"id":364,"date":"2011-10-19T16:47:11","date_gmt":"2011-10-19T14:47:11","guid":{"rendered":"http:\/\/www.juristenkoffer.de\/rechtsreferendariat\/?p=364"},"modified":"2026-04-05T21:03:30","modified_gmt":"2026-04-05T19:03:30","slug":"grundsaetzliches-zum-auswahlverfahren-hessen","status":"publish","type":"post","link":"https:\/\/www.juristenkoffer.de\/rechtsreferendariat\/hessen\/grundsaetzliches-zum-auswahlverfahren-hessen\/","title":{"rendered":"Grunds\u00e4tzliches zum Auswahlverfahren"},"content":{"rendered":"<div class=\"paragraph is-rich-chat-ui normal ng-star-inserted\" data-start-index=\"286\"><span class=\"ng-star-inserted\" data-start-index=\"286\">Das <strong>Auswahlverfahren f\u00fcr den juristischen Vorbereitungsdienst in Hessen<\/strong> ist ein streng normierter Prozess, der sicherstellen soll, dass die Vergabe der begrenzten Ausbildungspl\u00e4tze nach objektiven und rechtlich \u00fcberpr\u00fcfbaren Kriterien erfolgt. Die zentrale Rechtsgrundlage hierf\u00fcr findet sich im Hessischen Juristenausbildungsgesetz (JAG). Grunds\u00e4tzlich hat jede Person, die die erste juristische Staatspr\u00fcfung bestanden hat, einen Anspruch auf Aufnahme in den Vorbereitungsdienst. Dieser Anspruch kann jedoch versagt werden, wenn die Bewerberin oder der Bewerber pers\u00f6nlich ungeeignet oder der Erlangung der Bef\u00e4higung zum Richteramt unw\u00fcrdig ist, etwa durch schwerwiegende strafrechtliche Verurteilungen (\u00a7 26 Abs. 1 JAG).<\/span><\/div>\n<div data-start-index=\"286\"><span style=\"color: #ffffff;\">.<\/span><\/div>\n<div class=\"paragraph is-rich-chat-ui normal ng-star-inserted\" data-start-index=\"1010\"><span class=\"ng-star-inserted\" data-start-index=\"1010\">Da die Nachfrage oft das Angebot \u00fcbersteigt, ist die Zulassung zum jeweiligen Termin begrenzt. Dies liegt vor allem daran, dass die im Haushaltsplan des Landes Hessen zur Verf\u00fcgung stehenden Stellen sowie die personellen und sachlichen Kapazit\u00e4ten der Gerichte und Beh\u00f6rden eine sachgerechte Ausbildung gew\u00e4hrleisten m\u00fcssen (\u00a7 26 Abs. 4 JAG). Wenn die Zahl der Bewerber die Kapazit\u00e4ten \u00fcbersteigt, greift ein <strong>gesetzlich festgelegtes Quotenmodell<\/strong> (\u00a7 26 Abs. 5 JAG).<\/span><\/div>\n<div data-start-index=\"1010\"><span style=\"color: #ffffff;\">.<\/span><\/div>\n<div class=\"paragraph is-rich-chat-ui normal ng-star-inserted\" data-start-index=\"1474\"><span class=\"ng-star-inserted\" data-start-index=\"1474\">Die Verteilung der Pl\u00e4tze erfolgt nach folgendem Schl\u00fcssel:<\/span><\/div>\n<ul class=\"ng-star-inserted\">\n<li class=\"paragraph list-item is-rich-chat-ui normal ng-star-inserted\" data-start-index=\"1533\"><b class=\"ng-star-inserted\" data-start-index=\"1533\">50 Prozent<\/b><span class=\"ng-star-inserted\" data-start-index=\"1543\"> der Stellen werden nach <\/span><b class=\"ng-star-inserted\" data-start-index=\"1568\">Eignung und Leistung<\/b><span class=\"ng-star-inserted\" data-start-index=\"1588\"> vergeben. Hierbei ist ausschlie\u00dflich die Punktzahl der ersten Staatspr\u00fcfung ma\u00dfgeblich. Bei Punktgleichheit werden Personen bevorzugt, die bereits einen Dienst (z. B. Wehrdienst, Zivildienst oder ein freiwilliges soziales Jahr) abgeleistet haben. Besteht dann immer noch Gleichheit, entscheidet das Los (\u00a7 26 Abs. 5 Nr. 1 JAG).<\/span><\/li>\n<li class=\"paragraph list-item is-rich-chat-ui normal ng-star-inserted\" data-start-index=\"1916\"><b class=\"ng-star-inserted\" data-start-index=\"1916\">15 Prozent<\/b><span class=\"ng-star-inserted\" data-start-index=\"1926\"> der Pl\u00e4tze sind f\u00fcr F\u00e4lle <\/span><b class=\"ng-star-inserted\" data-start-index=\"1953\">besonderer H\u00e4rte<\/b><span class=\"ng-star-inserted\" data-start-index=\"1969\"> reserviert (\u00a7 26 Abs. 5 Nr. 2 JAG). Als H\u00e4rtef\u00e4lle gelten insbesondere Personen mit nachgewiesener Schwerbehinderung oder solche, die besondere soziale und famili\u00e4re Belastungen nachweisen k\u00f6nnen. Auch Zeitverluste beim Studium durch die Arbeit in universit\u00e4ren Selbstverwaltungsorganen oder ein Studium \u00fcber den zweiten Bildungsweg k\u00f6nnen hier ber\u00fccksichtigt werden. Ein solcher H\u00e4rtefall muss zwingend bereits mit dem Einstellungsantrag geltend gemacht und belegt werden.<\/span><\/li>\n<li class=\"paragraph list-item is-rich-chat-ui normal ng-star-inserted\" data-start-index=\"2443\"><b class=\"ng-star-inserted\" data-start-index=\"2443\">35 Prozent<\/b><span class=\"ng-star-inserted\" data-start-index=\"2453\"> der Pl\u00e4tze werden nach der <\/span><b class=\"ng-star-inserted\" data-start-index=\"2481\">Wartezeit<\/b><span class=\"ng-star-inserted\" data-start-index=\"2490\"> vergeben (\u00a7 26 Abs. 5 Nr. 3 JAG). Hierbei z\u00e4hlt die Zeit, die seit dem ersten Gesuch um Aufnahme in den hessischen Vorbereitungsdienst vergangen ist.<\/span><\/li>\n<\/ul>\n<div data-start-index=\"2640\"><span style=\"color: #ffffff;\">.<\/span><\/div>\n<div class=\"paragraph is-rich-chat-ui normal ng-star-inserted\" data-start-index=\"2640\"><span class=\"ng-star-inserted\" data-start-index=\"2640\">Trotz dieser Zuteilungskriterien besteht gem\u00e4\u00df der Juristischen Ausbildungsordnung (JAO) ausdr\u00fccklich kein Anspruch auf Zuweisung zu einem bestimmten Landgerichtsbezirk oder einer spezifischen Ausbildungsstelle (\u00a7 11 Abs. 4 JAO). Die regionale Verteilung erfolgt anteilig unter Ber\u00fccksichtigung der Kapazit\u00e4ten in den einzelnen Bezirken (\u00a7 26 Abs. 7 JAG). Da insbesondere Frankfurt am Main eine extrem hohe Nachfrage verzeichnet, wird Bewerbern empfohlen, auch l\u00e4ndlichere Regionen au\u00dferhalb des Rhein-Main-Gebiets als Wunschorte anzugeben.<\/span><\/div>\n","protected":false},"excerpt":{"rendered":"<p>Das Auswahlverfahren f\u00fcr den juristischen Vorbereitungsdienst in Hessen ist ein streng normierter Prozess, der sicherstellen soll, dass die Vergabe der begrenzten Ausbildungspl\u00e4tze nach objektiven und rechtlich \u00fcberpr\u00fcfbaren Kriterien erfolgt. Die zentrale Rechtsgrundlage hierf\u00fcr findet sich im Hessischen Juristenausbildungsgesetz (JAG). Grunds\u00e4tzlich hat jede Person, die die erste juristische Staatspr\u00fcfung bestanden hat, einen Anspruch auf Aufnahme in [&hellip;]<\/p>\n","protected":false},"author":1,"featured_media":0,"comment_status":"open","ping_status":"open","sticky":false,"template":"","format":"standard","meta":[],"categories":[18],"tags":[],"_links":{"self":[{"href":"https:\/\/www.juristenkoffer.de\/rechtsreferendariat\/wp-json\/wp\/v2\/posts\/364"}],"collection":[{"href":"https:\/\/www.juristenkoffer.de\/rechtsreferendariat\/wp-json\/wp\/v2\/posts"}],"about":[{"href":"https:\/\/www.juristenkoffer.de\/rechtsreferendariat\/wp-json\/wp\/v2\/types\/post"}],"author":[{"embeddable":true,"href":"https:\/\/www.juristenkoffer.de\/rechtsreferendariat\/wp-json\/wp\/v2\/users\/1"}],"replies":[{"embeddable":true,"href":"https:\/\/www.juristenkoffer.de\/rechtsreferendariat\/wp-json\/wp\/v2\/comments?post=364"}],"version-history":[{"count":14,"href":"https:\/\/www.juristenkoffer.de\/rechtsreferendariat\/wp-json\/wp\/v2\/posts\/364\/revisions"}],"predecessor-version":[{"id":3668,"href":"https:\/\/www.juristenkoffer.de\/rechtsreferendariat\/wp-json\/wp\/v2\/posts\/364\/revisions\/3668"}],"wp:attachment":[{"href":"https:\/\/www.juristenkoffer.de\/rechtsreferendariat\/wp-json\/wp\/v2\/media?parent=364"}],"wp:term":[{"taxonomy":"category","embeddable":true,"href":"https:\/\/www.juristenkoffer.de\/rechtsreferendariat\/wp-json\/wp\/v2\/categories?post=364"},{"taxonomy":"post_tag","embeddable":true,"href":"https:\/\/www.juristenkoffer.de\/rechtsreferendariat\/wp-json\/wp\/v2\/tags?post=364"}],"curies":[{"name":"wp","href":"https:\/\/api.w.org\/{rel}","templated":true}]}}