{"id":310,"date":"2011-10-19T15:21:02","date_gmt":"2011-10-19T13:21:02","guid":{"rendered":"http:\/\/www.juristenkoffer.de\/rechtsreferendariat\/?p=310"},"modified":"2026-04-08T11:28:46","modified_gmt":"2026-04-08T09:28:46","slug":"ablauf-und-inhalt-des-referendariats-bremen","status":"publish","type":"post","link":"https:\/\/www.juristenkoffer.de\/rechtsreferendariat\/bremen\/ablauf-und-inhalt-des-referendariats-bremen\/","title":{"rendered":"Ablauf und Inhalt des Referendariats"},"content":{"rendered":"<p>Das Referendariat in Bremen dauert insgesamt <strong>zwei Jahre<\/strong> (24 Monate). Wenn du in Teilzeit arbeitest, verl\u00e4ngert sich die Zeit auf zweieinhalb Jahre. Die Ausbildung ist in verschiedene Abschnitte, die sogenannten Stationen, gegliedert (\u00a7 43 JAPG):<\/p>\n<ol>\n<li><strong>Zivilstation (5 Monate):<\/strong> Ausbildung bei einem ordentlichen Gericht in Zivilsachen (Landgericht oder Amtsgericht).<\/li>\n<li><strong>Strafrechtsstation (3,5 Monate):<\/strong> Ausbildung bei einer Staatsanwaltschaft oder einem Gericht in Strafsachen.<\/li>\n<li><strong>Verwaltungsstation (3,5 Monate):<\/strong> Ausbildung bei einer Verwaltungsbeh\u00f6rde oder einem Gericht der Verwaltungs-, Finanz- oder Sozialgerichtsbarkeit.<\/li>\n<li><strong>Anwaltsstation (9 Monate):<\/strong> Ausbildung bei einem Rechtsanwalt deiner Wahl. Hier kannst du auch bis zu drei Monate bei einem Notar, einem Unternehmen oder einem Verband verbringen.<\/li>\n<li><strong>Wahlstation (3 Monate):<\/strong> Der kr\u00f6nende Abschluss in einem von dir gew\u00e4hlten Schwerpunktbereich (z. B. Wirtschaft, Familie, Arbeit und Soziales).<\/li>\n<\/ol>\n<p>Jede Pflichtstation beginnt mit einem <strong>dreiw\u00f6chigen Einf\u00fchrungslehrgang<\/strong>. In dieser Zeit musst du noch nicht in die Station, sondern lernst in der Gruppe die Basics f\u00fcr den neuen Abschnitt. Danach folgen w\u00f6chentliche <strong>Begleitlehrg\u00e4nge<\/strong> (Arbeitsgemeinschaften), in denen der Stoff vertieft wird. Die Teilnahme ist <strong>Dienstpflicht<\/strong> und geht fast allem anderen vor.<\/p>\n<p>Das Ziel der ganzen Sache ist es, dich fit f\u00fcr die juristische Praxis zu machen. Du sollst lernen, Akten zu bearbeiten, Urteile und Schrifts\u00e4tze zu entwerfen und dich in m\u00fcndlichen Verhandlungen zu behaupten. Am Ende jeder Station bekommst du ein <strong>Stationszeugnis<\/strong>, das deine Leistungen bewertet. Ach ja, Urlaub gibt es nat\u00fcrlich auch: <strong>30 Arbeitstage pro Jahr<\/strong>, allerdings darfst du in den ersten vier Monaten keinen Urlaub nehmen.<\/p>\n","protected":false},"excerpt":{"rendered":"<p>Das Referendariat in Bremen dauert insgesamt zwei Jahre (24 Monate). Wenn du in Teilzeit arbeitest, verl\u00e4ngert sich die Zeit auf zweieinhalb Jahre. Die Ausbildung ist in verschiedene Abschnitte, die sogenannten Stationen, gegliedert (\u00a7 43 JAPG): Zivilstation (5 Monate): Ausbildung bei einem ordentlichen Gericht in Zivilsachen (Landgericht oder Amtsgericht). Strafrechtsstation (3,5 Monate): Ausbildung bei einer Staatsanwaltschaft [&hellip;]<\/p>\n","protected":false},"author":1,"featured_media":0,"comment_status":"open","ping_status":"open","sticky":false,"template":"","format":"standard","meta":[],"categories":[15],"tags":[],"_links":{"self":[{"href":"https:\/\/www.juristenkoffer.de\/rechtsreferendariat\/wp-json\/wp\/v2\/posts\/310"}],"collection":[{"href":"https:\/\/www.juristenkoffer.de\/rechtsreferendariat\/wp-json\/wp\/v2\/posts"}],"about":[{"href":"https:\/\/www.juristenkoffer.de\/rechtsreferendariat\/wp-json\/wp\/v2\/types\/post"}],"author":[{"embeddable":true,"href":"https:\/\/www.juristenkoffer.de\/rechtsreferendariat\/wp-json\/wp\/v2\/users\/1"}],"replies":[{"embeddable":true,"href":"https:\/\/www.juristenkoffer.de\/rechtsreferendariat\/wp-json\/wp\/v2\/comments?post=310"}],"version-history":[{"count":6,"href":"https:\/\/www.juristenkoffer.de\/rechtsreferendariat\/wp-json\/wp\/v2\/posts\/310\/revisions"}],"predecessor-version":[{"id":3729,"href":"https:\/\/www.juristenkoffer.de\/rechtsreferendariat\/wp-json\/wp\/v2\/posts\/310\/revisions\/3729"}],"wp:attachment":[{"href":"https:\/\/www.juristenkoffer.de\/rechtsreferendariat\/wp-json\/wp\/v2\/media?parent=310"}],"wp:term":[{"taxonomy":"category","embeddable":true,"href":"https:\/\/www.juristenkoffer.de\/rechtsreferendariat\/wp-json\/wp\/v2\/categories?post=310"},{"taxonomy":"post_tag","embeddable":true,"href":"https:\/\/www.juristenkoffer.de\/rechtsreferendariat\/wp-json\/wp\/v2\/tags?post=310"}],"curies":[{"name":"wp","href":"https:\/\/api.w.org\/{rel}","templated":true}]}}