{"id":16,"date":"2011-10-10T12:18:14","date_gmt":"2011-10-10T12:18:14","guid":{"rendered":"http:\/\/www.juristenkoffer.de\/rechtsreferendariat\/?p=16"},"modified":"2026-04-08T19:35:11","modified_gmt":"2026-04-08T17:35:11","slug":"das-zweite-staatsexamen-in-mecklenburg-vorpommern","status":"publish","type":"post","link":"https:\/\/www.juristenkoffer.de\/rechtsreferendariat\/mecklenburg-vorpommern\/das-zweite-staatsexamen-in-mecklenburg-vorpommern\/","title":{"rendered":"Das zweite Staatsexamen in Mecklenburg-Vorpommern"},"content":{"rendered":"<p>Sie besteht aus einem schriftlichen und einem m\u00fcndlichen Teil. Zust\u00e4ndig ist das <strong>Landesjustizpr\u00fcfungsamt (LJPA)<\/strong> beim Justizministerium.<\/p>\n<p><strong>Der schriftliche Teil (Klausuren):<\/strong> Du musst <strong>acht Klausuren<\/strong> \u00e0 f\u00fcnf Stunden schreiben. Die Verteilung ist: vier Zivilrecht, zwei Strafrecht und zwei \u00d6ffentliches Recht. In M-V finden die Klausuren zweimal j\u00e4hrlich statt (Februar und August). Eine Revolution steht bevor: Seit Februar 2026 wird das Examen <strong>elektronisch<\/strong> am Laptop angeboten. Du darfst zwar w\u00e4hlen, ob du lieber tippst oder schreibst, aber wer nichts sagt, tippt automatisch. Um zur m\u00fcndlichen Pr\u00fcfung zugelassen zu werden, brauchst du im Schnitt mindestens <strong>3,56 Punkte<\/strong> in den Klausuren und mindestens vier Klausuren m\u00fcssen \u201ebestanden\u201c (min. 4,00 Punkte) sein.<\/p>\n<p><img decoding=\"async\" loading=\"lazy\" class=\"alignleft size-full wp-image-62\" title=\"\" src=\"https:\/\/www.juristenkoffer.de\/rechtsreferendariat\/wp-content\/uploads\/2011\/10\/veavaev.jpg\" alt=\"\" width=\"58\" height=\"110\" \/>Im schriftlichen Examen zugelassen sind <strong>7 Kommentare<\/strong> (Gr\u00fcneberg, Thomas\/Putzo, Fischer, Meyer-Go\u00dfner, Kopp\/Schenke, Kopp\/Ramsauer sowie Hopt). Da man auf jeden Fall die neueste Auflage der Kommentare im Examen zur Verf\u00fcgung haben sollte und die B\u00fccher sehr teuer sind, vermieten wir diese Kommentare an Rechtsreferendare. <a href=\"https:\/\/www.juristenkoffer.de\/kommentare-mieten-mecklenburg-vorpommern.htm\" target=\"_blank\" rel=\"noopener\">Unser Angebot f\u00fcr Referendare aus Mecklenburg-Vorpommern findest Du hier<\/a>&#8230;<\/p>\n<p><strong>Der m\u00fcndliche Teil:<\/strong> Die m\u00fcndliche Pr\u00fcfung findet meist im Juni oder Dezember statt. Sie beginnt mit dem <strong>Aktenvortrag<\/strong> (Gewichtung: 10 % der Gesamtnote). Danach folgen drei Pr\u00fcfungsgespr\u00e4che in den Pflichtf\u00e4chern und eines in deinem gew\u00e4hlten <strong>Schwerpunktbereich<\/strong>. Die Gesamtnote berechnet sich zu <strong>2\/3 aus den Klausuren<\/strong> und zu <strong>1\/3 aus der m\u00fcndlichen Pr\u00fcfung<\/strong>. Sobald du bestanden hast, darfst du dich \u201eRechtsassessor\u201c oder \u201eRechtsassessorin\u201c nennen und hast die Bef\u00e4higung zum Richteramt erworben. Ein gro\u00dfer Moment!<\/p>\n","protected":false},"excerpt":{"rendered":"<p>Sie besteht aus einem schriftlichen und einem m\u00fcndlichen Teil. Zust\u00e4ndig ist das Landesjustizpr\u00fcfungsamt (LJPA) beim Justizministerium. Der schriftliche Teil (Klausuren): Du musst acht Klausuren \u00e0 f\u00fcnf Stunden schreiben. Die Verteilung ist: vier Zivilrecht, zwei Strafrecht und zwei \u00d6ffentliches Recht. In M-V finden die Klausuren zweimal j\u00e4hrlich statt (Februar und August). Eine Revolution steht bevor: Seit [&hellip;]<\/p>\n","protected":false},"author":1,"featured_media":0,"comment_status":"open","ping_status":"open","sticky":false,"template":"","format":"standard","meta":[],"categories":[3],"tags":[],"_links":{"self":[{"href":"https:\/\/www.juristenkoffer.de\/rechtsreferendariat\/wp-json\/wp\/v2\/posts\/16"}],"collection":[{"href":"https:\/\/www.juristenkoffer.de\/rechtsreferendariat\/wp-json\/wp\/v2\/posts"}],"about":[{"href":"https:\/\/www.juristenkoffer.de\/rechtsreferendariat\/wp-json\/wp\/v2\/types\/post"}],"author":[{"embeddable":true,"href":"https:\/\/www.juristenkoffer.de\/rechtsreferendariat\/wp-json\/wp\/v2\/users\/1"}],"replies":[{"embeddable":true,"href":"https:\/\/www.juristenkoffer.de\/rechtsreferendariat\/wp-json\/wp\/v2\/comments?post=16"}],"version-history":[{"count":7,"href":"https:\/\/www.juristenkoffer.de\/rechtsreferendariat\/wp-json\/wp\/v2\/posts\/16\/revisions"}],"predecessor-version":[{"id":3847,"href":"https:\/\/www.juristenkoffer.de\/rechtsreferendariat\/wp-json\/wp\/v2\/posts\/16\/revisions\/3847"}],"wp:attachment":[{"href":"https:\/\/www.juristenkoffer.de\/rechtsreferendariat\/wp-json\/wp\/v2\/media?parent=16"}],"wp:term":[{"taxonomy":"category","embeddable":true,"href":"https:\/\/www.juristenkoffer.de\/rechtsreferendariat\/wp-json\/wp\/v2\/categories?post=16"},{"taxonomy":"post_tag","embeddable":true,"href":"https:\/\/www.juristenkoffer.de\/rechtsreferendariat\/wp-json\/wp\/v2\/tags?post=16"}],"curies":[{"name":"wp","href":"https:\/\/api.w.org\/{rel}","templated":true}]}}